{"id":8593,"date":"2022-02-07T17:42:01","date_gmt":"2022-02-07T20:42:01","guid":{"rendered":"https:\/\/www.melinatavares.com.br\/?p=8593"},"modified":"2022-02-07T17:42:01","modified_gmt":"2022-02-07T20:42:01","slug":"pabllo-vittar-leva-looks-de-carnaval-para-o-the-sims-4","status":"publish","type":"post","link":"https:\/\/www.melinatavares.com.br\/en\/2022\/02\/07\/pabllo-vittar-leva-looks-de-carnaval-para-o-the-sims-4\/","title":{"rendered":"Pabllo Vittar leva looks de Carnaval para o The Sims 4"},"content":{"rendered":"<h1><b>Pabllo Vittar leva looks de Carnaval para o The Sims 4<\/b><\/h1>\n<p><i><span style=\"font-weight: 400;\">Al\u00e9m da participa\u00e7\u00e3o na cria\u00e7\u00e3o do novo kit de moda, cantora tamb\u00e9m gravou o seu hit \u201cBuzina\u201d como parte da colabora\u00e7\u00e3o<\/span><\/i><\/p>\n<p><span style=\"font-weight: 400;\">Na \u00faltima quinta feira (03), a Sul Sul! A EA e a Maxis lan\u00e7aram o<\/span><span style=\"font-weight: 400;\"> The Sims 4 Kit Moda Bloco de Carna<\/span><span style=\"font-weight: 400;\">v<\/span><span style=\"font-weight: 400;\">a<\/span><span style=\"font-weight: 400;\">l<\/span><span style=\"font-weight: 400;\">, o novo kit de moda com novos looks criados pela cantora <a href=\"https:\/\/www.instagram.com\/pabllovittar\/\"><strong>Pabllo Vittar<\/strong><\/a>. A drag queen mais popular do mundo se inspirou na sua personalidade na cria\u00e7\u00e3o das pe\u00e7as, trazendo looks estilosos e com cores exuberantes e luminescentes, a fim de representar o Carnaval brasileiro.<\/span><\/p>\n<p><span style=\"font-weight: 400;\">Essas roupas permitem aos jogadores e jogadoras expandirem o estilo de seus Sims e renovarem os seus guarda roupas. As pe\u00e7as criadas t\u00eam como intuito incentivar os jogadores a incorporarem a confian\u00e7a e a criatividade de uma das maiores celebra\u00e7\u00f5es culturais do mundo por meio de roupas din\u00e2micas, maquiagem e acess\u00f3rios para todos os Sims. O kit inclui uma mistura ecl\u00e9tica de recortes importantes diferenciados, padr\u00f5es de frutas multicoloridas com contrastes gr\u00e1ficos e tops de lantejoulas, oferecendo a Simmers infinitas maneiras de diversificar a apar\u00eancia de seus Sims.<\/span><\/p>\n<p><span style=\"font-weight: 400;\">Como parte dessa colabora\u00e7\u00e3o, Pabllo Vittar gravou seu hit dan\u00e7ante \u201cBuzina\u201d de seu segundo \u00e1lbum de est\u00fadio, N\u00e3o Para N\u00e3o, em Simlish. Assim, os Simmers podem dan\u00e7ar ao som deste single no jogo atrav\u00e9s da esta\u00e7\u00e3o de r\u00e1dio The Sims 4 Carnaval.\u00a0<\/span><\/p>\n<p><img loading=\"lazy\" decoding=\"async\" class=\" wp-image-8595 aligncenter\" src=\"https:\/\/www.melinatavares.com.br\/wp-content\/uploads\/2022\/02\/ts4-sp30-official-screens-02-002-1080.png.adapt_.crop16x9.1455w-800x800.png\" alt=\"\" width=\"602\" height=\"602\" \/><\/p>\n<p><span style=\"font-weight: 400;\">Para dar continuidade \u00e0 essa comemora\u00e7\u00e3o inspirada no Brasil, quem joga pode esperar uma atualiza\u00e7\u00e3o do Entrega Expressa dos Sims no Jogo B\u00e1sico com receitas de comida brasileira e uma m\u00e1scara chegando em 9 de fevereiro e, em mar\u00e7o, decorar sua casa com uma nova obra de arte do famoso artista contempor\u00e2neo Lano. Toda essa intera\u00e7\u00e3o est\u00e3o dispon\u00edveis para PC e Mac via Origin e Steam, PlayStation 4 e 5, Xbox Series X|S e Xbox One.<\/span><\/p>\n<p>&nbsp;<\/p>\n<p>Siga a Pabllo Vittar no Instagram:<\/p>\n<blockquote class=\"instagram-media\" style=\"background: #FFF; border: 0; border-radius: 3px; box-shadow: 0 0 1px 0 rgba(0,0,0,0.5),0 1px 10px 0 rgba(0,0,0,0.15); margin: 1px; max-width: 540px; min-width: 326px; padding: 0; width: calc(100% - 2px);\" data-instgrm-captioned=\"\" data-instgrm-permalink=\"https:\/\/www.instagram.com\/p\/CZh7YbWuDqb\/?utm_source=ig_embed&#038;utm_campaign=loading\" data-instgrm-version=\"14\">\n<div style=\"padding: 16px;\">\n<p>&nbsp;<\/p>\n<div style=\"display: flex; flex-direction: row; align-items: center;\">\n<div style=\"background-color: #f4f4f4; border-radius: 50%; flex-grow: 0; height: 40px; margin-right: 14px; width: 40px;\"><\/div>\n<div style=\"display: flex; flex-direction: column; flex-grow: 1; justify-content: center;\">\n<div style=\"background-color: #f4f4f4; border-radius: 4px; flex-grow: 0; height: 14px; margin-bottom: 6px; width: 100px;\"><\/div>\n<div style=\"background-color: #f4f4f4; border-radius: 4px; flex-grow: 0; height: 14px; width: 60px;\"><\/div>\n<\/div>\n<\/div>\n<div style=\"padding: 19% 0;\"><\/div>\n<div style=\"display: block; height: 50px; margin: 0 auto 12px; width: 50px;\"><\/div>\n<div style=\"padding-top: 8px;\">\n<div style=\"color: #3897f0; font-family: Arial,sans-serif; font-size: 14px; font-style: normal; font-weight: 550; line-height: 18px;\">Ver essa foto no Instagram<\/div>\n<\/div>\n<div style=\"padding: 12.5% 0;\"><\/div>\n<div style=\"display: flex; flex-direction: row; margin-bottom: 14px; align-items: center;\">\n<div>\n<div style=\"background-color: #f4f4f4; border-radius: 50%; height: 12.5px; width: 12.5px; transform: translateX(0px) translateY(7px);\"><\/div>\n<div style=\"background-color: #f4f4f4; height: 12.5px; transform: rotate(-45deg) translateX(3px) translateY(1px); width: 12.5px; flex-grow: 0; margin-right: 14px; margin-left: 2px;\"><\/div>\n<div style=\"background-color: #f4f4f4; border-radius: 50%; height: 12.5px; width: 12.5px; transform: translateX(9px) translateY(-18px);\"><\/div>\n<\/div>\n<div style=\"margin-left: 8px;\">\n<div style=\"background-color: #f4f4f4; border-radius: 50%; flex-grow: 0; height: 20px; width: 20px;\"><\/div>\n<div style=\"width: 0; height: 0; border-top: 2px solid transparent; border-left: 6px solid #f4f4f4; border-bottom: 2px solid transparent; transform: translateX(16px) translateY(-4px) rotate(30deg);\"><\/div>\n<\/div>\n<div style=\"margin-left: auto;\">\n<div style=\"width: 0px; border-top: 8px solid #F4F4F4; border-right: 8px solid transparent; transform: translateY(16px);\"><\/div>\n<div style=\"background-color: #f4f4f4; flex-grow: 0; height: 12px; width: 16px; transform: translateY(-4px);\"><\/div>\n<div style=\"width: 0; height: 0; border-top: 8px solid #F4F4F4; border-left: 8px solid transparent; transform: translateY(-4px) translateX(8px);\"><\/div>\n<\/div>\n<\/div>\n<div style=\"display: flex; flex-direction: column; flex-grow: 1; justify-content: center; margin-bottom: 24px;\">\n<div style=\"background-color: #f4f4f4; border-radius: 4px; flex-grow: 0; height: 14px; margin-bottom: 6px; width: 224px;\"><\/div>\n<div style=\"background-color: #f4f4f4; border-radius: 4px; flex-grow: 0; height: 14px; width: 144px;\"><\/div>\n<\/div>\n<p>&nbsp;<\/p>\n<p style=\"color: #c9c8cd; font-family: Arial,sans-serif; font-size: 14px; line-height: 17px; margin-bottom: 0; margin-top: 8px; overflow: hidden; padding: 8px 0 7px; text-align: center; text-overflow: ellipsis; white-space: nowrap;\"><a style=\"color: #c9c8cd; font-family: Arial,sans-serif; font-size: 14px; font-style: normal; font-weight: normal; line-height: 17px; text-decoration: none;\" href=\"https:\/\/www.instagram.com\/p\/CZh7YbWuDqb\/?utm_source=ig_embed&#038;utm_campaign=loading\" target=\"_blank\" rel=\"noopener\">Uma publica\u00e7\u00e3o compartilhada por Pabllo Vittar (@pabllovittar)<\/a><\/p>\n<\/div>\n<\/blockquote>\n<p><script async src=\"\/\/www.instagram.com\/embed.js\"><\/script><\/p>\n<p>&nbsp;<\/p>\n","protected":false},"excerpt":{"rendered":"<p>Pabllo Vittar leva looks de Carnaval para o The Sims 4 Al\u00e9m da participa\u00e7\u00e3o na cria\u00e7\u00e3o do novo kit de moda, cantora tamb\u00e9m gravou o seu hit \u201cBuzina\u201d como parte da colabora\u00e7\u00e3o Na \u00faltima quinta feira (03), a Sul Sul! A EA e a Maxis lan\u00e7aram o The Sims 4 Kit Moda Bloco de Carnaval, [&hellip;]<\/p>\n","protected":false},"author":43,"featured_media":8594,"comment_status":"open","ping_status":"open","sticky":false,"template":"","format":"standard","meta":{"_acf_changed":false,"footnotes":""},"tags":[11],"class_list":["post-8593","post","type-post","status-publish","format-standard","has-post-thumbnail","hentry","tag-pabllo-vittar"],"acf":[],"_links":{"self":[{"href":"https:\/\/www.melinatavares.com.br\/en\/wp-json\/wp\/v2\/posts\/8593","targetHints":{"allow":["GET"]}}],"collection":[{"href":"https:\/\/www.melinatavares.com.br\/en\/wp-json\/wp\/v2\/posts"}],"about":[{"href":"https:\/\/www.melinatavares.com.br\/en\/wp-json\/wp\/v2\/types\/post"}],"author":[{"embeddable":true,"href":"https:\/\/www.melinatavares.com.br\/en\/wp-json\/wp\/v2\/users\/43"}],"replies":[{"embeddable":true,"href":"https:\/\/www.melinatavares.com.br\/en\/wp-json\/wp\/v2\/comments?post=8593"}],"version-history":[{"count":4,"href":"https:\/\/www.melinatavares.com.br\/en\/wp-json\/wp\/v2\/posts\/8593\/revisions"}],"predecessor-version":[{"id":8609,"href":"https:\/\/www.melinatavares.com.br\/en\/wp-json\/wp\/v2\/posts\/8593\/revisions\/8609"}],"wp:featuredmedia":[{"embeddable":true,"href":"https:\/\/www.melinatavares.com.br\/en\/wp-json\/wp\/v2\/media\/8594"}],"wp:attachment":[{"href":"https:\/\/www.melinatavares.com.br\/en\/wp-json\/wp\/v2\/media?parent=8593"}],"wp:term":[{"taxonomy":"post_tag","embeddable":true,"href":"https:\/\/www.melinatavares.com.br\/en\/wp-json\/wp\/v2\/tags?post=8593"}],"curies":[{"name":"wp","href":"https:\/\/api.w.org\/{rel}","templated":true}]}}