{"id":9306,"date":"2022-05-12T14:29:15","date_gmt":"2022-05-12T17:29:15","guid":{"rendered":"https:\/\/www.melinatavares.com.br\/?p=9306"},"modified":"2022-05-12T14:29:15","modified_gmt":"2022-05-12T17:29:15","slug":"alok-marca-presenca-na-trilha-sonora-da-novela-pantanal-com-musica-sobre-tradicoes-indigenas","status":"publish","type":"post","link":"https:\/\/www.melinatavares.com.br\/en\/2022\/05\/12\/alok-marca-presenca-na-trilha-sonora-da-novela-pantanal-com-musica-sobre-tradicoes-indigenas\/","title":{"rendered":"Alok marca presen\u00e7a na trilha sonora da novela Pantanal com m\u00fasica sobre tradi\u00e7\u00f5es ind\u00edgenas"},"content":{"rendered":"<h1><b>Alok marca presen\u00e7a na trilha sonora da novela Pantanal com m\u00fasica sobre tradi\u00e7\u00f5es ind\u00edgenas<\/b><\/h1>\n<p><strong><i>Faixa conta com a parceria do DJ com o grupo Br\u00f4 MC\u2019s<\/i><\/strong><\/p>\n<p><span style=\"font-weight: 400;\">Sucesso de audi\u00eancia, a novela \u201cPantanal\u201d, vem engajando o p\u00fablico, e sua trilha sonora tamb\u00e9m. E Alok, maior DJ do pa\u00eds, marca presen\u00e7a no projeto musical da trama com a m\u00fasica<\/span><span style=\"font-weight: 400;\">\u00a0\u201c<\/span><b><i>Jarah\u00e1<\/i><\/b><span style=\"font-weight: 400;\">\u201d, em parceria com o primeiro grupo de rap ind\u00edgena do Brasil, <\/span><span style=\"font-weight: 400;\">das aldeias Jaguapir\u00fa e Boror, os Br\u00f4 MC\u2019s. Eles <\/span><\/p>\n<p><span style=\"font-weight: 400;\">misturam portugu\u00eas e guarani para falar de seu cotidiano.<\/span><\/p>\n<p><span style=\"font-weight: 400;\">&#8220;<\/span><b><i>Jarah\u00e1<\/i><\/b><span style=\"font-weight: 400;\">&#8221; pode ser traduzida por &#8220;Estamos Levando&#8221; e retrata a for\u00e7a dos povos origin\u00e1rios em manter suas tradi\u00e7\u00f5es culturais e a luta contra a demarca\u00e7\u00e3o e perda de terras. A m\u00fasica foi apresentada pela primeira vez durante um show em Mato Grosso do Sul, no final do m\u00eas de Abril, junto dos\u00a0 quatro integrantes do Br\u00f4 MC\u2019s, Clemerson Batista, Kelvin Peixoto, Charlie Peixoto e Bruno Veron. A m\u00fasica faz parte do projeto &#8220;<\/span><b><i>Futuro Ancestral<\/i><\/b><span style=\"font-weight: 400;\">&#8220;, de <strong>Alok<\/strong>, que ser\u00e1 lan\u00e7ado no segundo semestre deste ano.\u00a0\u00a0<\/span><\/p>\n<p><span style=\"font-weight: 400;\">\u201c<\/span><b><i>A letra n\u00e3o poderia ser mais atual e nos dizer tanto sobre o momento no qual atravessamos. &#8216;Jahar\u00e1&#8217; \u00e9 sobre a necessidade de reconhecer o direito \u00e0 terra dos povos ind\u00edgenas. Levar essa mensagem em um dos hor\u00e1rios de maior audi\u00eancia televisiva \u00e9 ampliar a luta ind\u00edgena, conscientizar a import\u00e2ncia de reverenciarmos a nossa hist\u00f3ria e ancestralidade e reconhecer o talento de artistas da comunidade.<\/i><\/b><span style=\"font-weight: 400;\">\u201d, diz Alok.\u00a0<\/span><\/p>\n<p><span style=\"font-weight: 400;\">Confira a letra:\u00a0<\/span><\/p>\n<p><b>JARAH\u00c1<\/b><\/p>\n<p><span style=\"font-weight: 400;\">ESTAMOS LEVANDO<\/span><\/p>\n<p><b>Ipor\u00e3pe koape aju ehendu che nhe&#8217;e\u00a0 porahei<\/b><\/p>\n<p><span style=\"font-weight: 400;\">Na humildade eu venho, escute meu canto<\/span><\/p>\n<p><b>S\u00f3 ke mbaepa koape ajapo,tekoha tekoha ,retomada retomada<\/b><\/p>\n<p><span style=\"font-weight: 400;\">S\u00f3 que realmente venho fazer, meu lar meu lar, retomada retomada<\/span><\/p>\n<p><b>Rehegua aju achuka<\/b><\/p>\n<p><span style=\"font-weight: 400;\">Sobre isso vim mostrar<\/span><\/p>\n<p><b>Karai guarani che aju koape\u00a0 ambopy<\/b><\/p>\n<p><span style=\"font-weight: 400;\">Homem branco\u00a0 em guarani vim tocar<\/span><\/p>\n<p><b>Mbaeichaguapa ore rogueru<\/b><\/p>\n<p><span style=\"font-weight: 400;\">O que realmente viemos trazer<\/span><\/p>\n<p><b>Kaiowa guarani mbarete nhande hente mbarete koape che nhe\u2019e<\/b><\/p>\n<p><span style=\"font-weight: 400;\">Kaiowa guarani nosso povo \u00e9 forte<\/span><\/p>\n<p><span style=\"font-weight: 400;\">Com for\u00e7a, minha fala vim trazer<\/span><\/p>\n<p><b>Nhander\u00fa ha nhandesy ombovava pe mbarak\u00e1<\/b><\/p>\n<p><span style=\"font-weight: 400;\">Nhamderu e nhandesy chacoalhando mbarak\u00e1<\/span><\/p>\n<p><b>Mborahei ko mbarete ko ape ojelut\u00e1<\/b><\/p>\n<p><span style=\"font-weight: 400;\">Reza forte na luta<\/span><\/p>\n<p><b>Nhamderu guas\u00fa omanh\u00e3 yvategui omopot\u00ee<\/b><\/p>\n<p><span style=\"font-weight: 400;\">Nosso Deus de l\u00e1 de cima olha e limpa o nosso caminho<\/span><\/p>\n<p><b>Ko ape nhanderape upepe jaguatahangu\u00e3<\/b><\/p>\n<p><span style=\"font-weight: 400;\">Limpando pra gente caminhar<\/span><\/p>\n<p><b>So ke jahech\u00e1 tenomdepe oi ypy Guarani ha kaiow\u00e1 ibatalhare yvy<\/b><\/p>\n<p><span style=\"font-weight: 400;\">Mas sempre vimos os ypy e Guarani e kaiow\u00e1 batalhando por suas terras<\/span><\/p>\n<p><b>Tekoha ymaguare jajevyta jaipe\u2019a<\/b><\/p>\n<p><span style=\"font-weight: 400;\">Terras de origem que vamos retomar<\/span><\/p>\n<p><b>Ko ape ko nhamderu ha\u2019ekuera oikuaa<\/b><\/p>\n<p><span style=\"font-weight: 400;\">Os anci\u00e3os sempre sabem que essas terras \u00e9 sempre nossas<\/span><\/p>\n<p><b>Jaha!jaha!jaha!jaha! <\/b><span style=\"font-weight: 400;\">(2x)<\/span><\/p>\n<p><span style=\"font-weight: 400;\">Vamos!vamos!vamos!vamos (2x)<\/span><\/p>\n<p><b>Hake!!!<\/b><\/p>\n<p><span style=\"font-weight: 400;\">Cuidado!!<\/span><\/p>\n<p><b>Koape,ap\u00ea,koape,ap\u00ea,koape,ap\u00ea,koape e!!<\/b><\/p>\n<p><span style=\"font-weight: 400;\">Aqui,e ali,Aqui,e ali, Aqui,e ali, aqui!!<\/span><\/p>\n<p><b>Jagueru jachuka haetegua<\/b><\/p>\n<p><span style=\"font-weight: 400;\">Viemos mostrar a verdade<\/span><\/p>\n<p><b>Tenonde mombyry jaraha<\/b><\/p>\n<p><span style=\"font-weight: 400;\">Estamos chegando longe<\/span><\/p>\n<p><b>Koa nde rehegua<\/b><\/p>\n<p><span style=\"font-weight: 400;\">Essas e de voc\u00eas<\/span><\/p>\n<p><b>Jahake jajegua<\/b><\/p>\n<p><span style=\"font-weight: 400;\">Vamos usar nossas pinturas<\/span><\/p>\n<p><b>Upecha ave jaha<\/b><\/p>\n<p><span style=\"font-weight: 400;\">E assim vamos caminhando<\/span><\/p>\n<p><b>Imbarete ava<\/b><\/p>\n<p><span style=\"font-weight: 400;\">Para nos fortalecermos<\/span><\/p>\n<p><span style=\"font-weight: 400;\">A gente grita mas ningu\u00e9m nos ouve,\u00a0 aprendi a sua l\u00edngua n\u00e3o ind\u00edgena, essa \u00e9 pra voc\u00ea<\/span><\/p>\n<p><span style=\"font-weight: 400;\">Quanta tristeza pobreza, andam lado a lado<\/span><\/p>\n<p><span style=\"font-weight: 400;\">Dentro de um barraco caindo aos peda\u00e7os<\/span><\/p>\n<p><span style=\"font-weight: 400;\">Passando fome sem gra\u00e7a,\u00a0 bebendo s\u00f3 \u00e1gua suja com a roupinha furada e seu cachorro<\/span><\/p>\n<p><span style=\"font-weight: 400;\">do lado<\/span><\/p>\n<p><span style=\"font-weight: 400;\">De baixo, de baixo do palco mantendo a gente isolado.<\/span><\/p>\n","protected":false},"excerpt":{"rendered":"<p>Alok marca presen\u00e7a na trilha sonora da novela Pantanal com m\u00fasica sobre tradi\u00e7\u00f5es ind\u00edgenas Faixa conta com a parceria do DJ com o grupo Br\u00f4 MC\u2019s Sucesso de audi\u00eancia, a novela \u201cPantanal\u201d, vem engajando o p\u00fablico, e sua trilha sonora tamb\u00e9m. E Alok, maior DJ do pa\u00eds, marca presen\u00e7a no projeto musical da trama com [&hellip;]<\/p>\n","protected":false},"author":43,"featured_media":9307,"comment_status":"open","ping_status":"open","sticky":false,"template":"","format":"standard","meta":{"_acf_changed":false,"footnotes":""},"tags":[73],"class_list":["post-9306","post","type-post","status-publish","format-standard","has-post-thumbnail","hentry","tag-alok"],"acf":[],"_links":{"self":[{"href":"https:\/\/www.melinatavares.com.br\/en\/wp-json\/wp\/v2\/posts\/9306","targetHints":{"allow":["GET"]}}],"collection":[{"href":"https:\/\/www.melinatavares.com.br\/en\/wp-json\/wp\/v2\/posts"}],"about":[{"href":"https:\/\/www.melinatavares.com.br\/en\/wp-json\/wp\/v2\/types\/post"}],"author":[{"embeddable":true,"href":"https:\/\/www.melinatavares.com.br\/en\/wp-json\/wp\/v2\/users\/43"}],"replies":[{"embeddable":true,"href":"https:\/\/www.melinatavares.com.br\/en\/wp-json\/wp\/v2\/comments?post=9306"}],"version-history":[{"count":4,"href":"https:\/\/www.melinatavares.com.br\/en\/wp-json\/wp\/v2\/posts\/9306\/revisions"}],"predecessor-version":[{"id":9315,"href":"https:\/\/www.melinatavares.com.br\/en\/wp-json\/wp\/v2\/posts\/9306\/revisions\/9315"}],"wp:featuredmedia":[{"embeddable":true,"href":"https:\/\/www.melinatavares.com.br\/en\/wp-json\/wp\/v2\/media\/9307"}],"wp:attachment":[{"href":"https:\/\/www.melinatavares.com.br\/en\/wp-json\/wp\/v2\/media?parent=9306"}],"wp:term":[{"taxonomy":"post_tag","embeddable":true,"href":"https:\/\/www.melinatavares.com.br\/en\/wp-json\/wp\/v2\/tags?post=9306"}],"curies":[{"name":"wp","href":"https:\/\/api.w.org\/{rel}","templated":true}]}}