{"id":9768,"date":"2022-07-13T11:12:09","date_gmt":"2022-07-13T14:12:09","guid":{"rendered":"https:\/\/www.melinatavares.com.br\/?p=9768"},"modified":"2022-07-13T11:12:09","modified_gmt":"2022-07-13T14:12:09","slug":"tiago-abravanel-e-o-novo-agenciado-da-mynd","status":"publish","type":"post","link":"https:\/\/www.melinatavares.com.br\/en\/2022\/07\/13\/tiago-abravanel-e-o-novo-agenciado-da-mynd\/","title":{"rendered":"Tiago Abravanel \u00e9 o novo agenciado da Mynd"},"content":{"rendered":"<h1><strong>Tiago Abravanel \u00e9 o novo agenciado da Mynd<\/strong><\/h1>\n<p><em>Empresa ser\u00e1 respons\u00e1vel pelos contratos publicit\u00e1rios do artista<\/em><\/p>\n<p><em>\u00a0<\/em>A Mynd, maior ag\u00eancia de marketing de influ\u00eancia e entretenimento do pa\u00eds, acaba de ganhar um nome forte para o seu casting: Tiago Abravanel. O artista junta-se aos mais de 400 agenciados da empresa, que ser\u00e1 a respons\u00e1vel pela gest\u00e3o de sua imagem e planejamento comercial estrat\u00e9gico com marcas que tenham fit com o seu perfil, a fim de identificar oportunidades no mercado publicit\u00e1rio. A empresa trabalhar\u00e1 ao lado da produtora Abrava, que continuar\u00e1 fazendo a gest\u00e3o dos shows do Tiago.<\/p>\n<p>\u201cO Tiago \u00e9 um artista completo. N\u00f3s estamos muito felizes e animados para somar ainda mais esfor\u00e7os para a carreira dele, que \u00e9 t\u00e3o diversa e nos permite tantas possibilidades. Acredito que nossa expertise ir\u00e1 potencializar ainda mais os seus projetos e criar conex\u00f5es com marcas que compartilham do seu prop\u00f3sito, explorando sua alegria, carisma e dom para se comunicar\u201d, conta F\u00e1tima Pissarra, CEO da Mynd.<\/p>\n<p>Tiago, come\u00e7ou a vida na arte muito cedo, quando ainda era crian\u00e7a e acompanhava sua m\u00e3e, Cintia, diretora do antigo Teatro Imprensa. Aos 17 anos, estreou seu primeiro musical e seguiu realizando trabalhos no teatro, incluindo grandes produ\u00e7\u00f5es musicais da Broadway no Brasil. Mas foi no musical \u201cTim Maia \u2013 Vale Tudo\u201d que ele teve sua carreira impulsionada. Seu primeiro trabalho na televis\u00e3o foi no SBT, mas seus pap\u00e9is de destaque foram na Rede Globo, nas novelas \u201cSalve Jorge\u201d e \u201cJoia Rara\u201d e no seriado \u201cChapa Quente\u201d.<\/p>\n<p>Nos cinemas, Tiago atuou em filmes e dublou personagens de anima\u00e7\u00f5es da Disney. Nos \u00faltimos anos, foi rep\u00f3rter, apresentador, entrou como s\u00f3cio da marca Nanica e Carmel\u00b4s e empreendeu ao lan\u00e7ar a marca de roupas confort\u00e1veis, a Tjama. O artista tamb\u00e9m tem o \u201cBloco do Abrava\u201d, que desfila no Carnaval, e participou de realities shows, como o Dan\u00e7a dos Famosos e o Big Brother Brasil 22.<\/p>\n<p>\u201cEstou muito feliz com essa nova empreitada. A rela\u00e7\u00e3o com a Mynd \u00e9 um namoro que acontece h\u00e1 muito tempo, n\u00e3o s\u00f3 pelos nossos relacionamentos profissionais e por tudo que j\u00e1 fizemos juntos, mas tamb\u00e9m pelas pessoas l\u00e1 dentro, que eu gosto, respeito e admiro. Tenho certeza de que ser\u00e1 uma nova fase comercial da minha carreira muito importante e especial\u201d, comenta Tiago.<\/p>\n","protected":false},"excerpt":{"rendered":"<p>Tiago Abravanel \u00e9 o novo agenciado da Mynd Empresa ser\u00e1 respons\u00e1vel pelos contratos publicit\u00e1rios do artista \u00a0A Mynd, maior ag\u00eancia de marketing de influ\u00eancia e entretenimento do pa\u00eds, acaba de ganhar um nome forte para o seu casting: Tiago Abravanel. O artista junta-se aos mais de 400 agenciados da empresa, que ser\u00e1 a respons\u00e1vel pela [&hellip;]<\/p>\n","protected":false},"author":43,"featured_media":9770,"comment_status":"open","ping_status":"open","sticky":false,"template":"","format":"standard","meta":{"_acf_changed":false,"footnotes":""},"tags":[34],"class_list":["post-9768","post","type-post","status-publish","format-standard","has-post-thumbnail","hentry","tag-music2-mynd8"],"acf":[],"_links":{"self":[{"href":"https:\/\/www.melinatavares.com.br\/en\/wp-json\/wp\/v2\/posts\/9768","targetHints":{"allow":["GET"]}}],"collection":[{"href":"https:\/\/www.melinatavares.com.br\/en\/wp-json\/wp\/v2\/posts"}],"about":[{"href":"https:\/\/www.melinatavares.com.br\/en\/wp-json\/wp\/v2\/types\/post"}],"author":[{"embeddable":true,"href":"https:\/\/www.melinatavares.com.br\/en\/wp-json\/wp\/v2\/users\/43"}],"replies":[{"embeddable":true,"href":"https:\/\/www.melinatavares.com.br\/en\/wp-json\/wp\/v2\/comments?post=9768"}],"version-history":[{"count":3,"href":"https:\/\/www.melinatavares.com.br\/en\/wp-json\/wp\/v2\/posts\/9768\/revisions"}],"predecessor-version":[{"id":9778,"href":"https:\/\/www.melinatavares.com.br\/en\/wp-json\/wp\/v2\/posts\/9768\/revisions\/9778"}],"wp:featuredmedia":[{"embeddable":true,"href":"https:\/\/www.melinatavares.com.br\/en\/wp-json\/wp\/v2\/media\/9770"}],"wp:attachment":[{"href":"https:\/\/www.melinatavares.com.br\/en\/wp-json\/wp\/v2\/media?parent=9768"}],"wp:term":[{"taxonomy":"post_tag","embeddable":true,"href":"https:\/\/www.melinatavares.com.br\/en\/wp-json\/wp\/v2\/tags?post=9768"}],"curies":[{"name":"wp","href":"https:\/\/api.w.org\/{rel}","templated":true}]}}